{"id":758,"date":"2021-05-18T14:11:29","date_gmt":"2021-05-18T14:11:29","guid":{"rendered":"https:\/\/blog.adfaber.org\/?p=758"},"modified":"2023-06-21T09:35:38","modified_gmt":"2023-06-21T09:35:38","slug":"discutam-la-bucharest-tech-week-despre-siguranta-online-a-copiiilor","status":"publish","type":"post","link":"https:\/\/adfaber.org\/en\/discutam-la-bucharest-tech-week-despre-siguranta-online-a-copiiilor\/","title":{"rendered":"Discut\u0103m la Bucharest Tech Week despre siguran\u021ba online a copiiilor"},"content":{"rendered":"<p>Bucharest Tech Week este un eveniment anual care transform\u0103 Bucure\u0219tiul \u00een capitala interna\u021bional\u0103 a tehnologiei.&nbsp;<\/p>\n\n\n\n<p>\u00cen cadrul festivalului, profesioni\u0219ti din domeniu prezint\u0103 solu\u021bii inovatoare \u0219i au discu\u021bii ample despre adoptarea tehnologiei \u00een via\u021ba profesional\u0103 \u0219i personal\u0103.&nbsp;<\/p>\n\n\n\n<p>Anul acesta anun\u021b\u0103m cu bucurie prezen\u021ba lui Alin Chiriac, fondator Adfaber, la Bucharest Tech Week. Pe 21 mai, la ora 11:00 va sus\u021bine o prezentare de actualitate despre nevoia copiilor de a avea uneltele necesare pentru a naviga \u00een siguran\u021b\u0103 online.<\/p>\n\n\n\n<p>Fie c\u0103 e\u0219ti p\u0103rinte, fie c\u0103 te intereseaz\u0103 ce \u00eenseamn\u0103 siguran\u021ba online pentru minori \u00een 2021, te invit\u0103m s\u0103 urm\u0103re\u0219ti prezentarea lui Alin.<\/p>\n\n\n\n<p>\u00cenregistrarea la evenimentele online Tech Week din acest an se poate face gratuit, aici: <a href=\"https:\/\/www.techexpo.ro\/\" target=\"_blank\" rel=\"noopener\">https:\/\/www.techexpo.ro\/<\/a>.&nbsp;&nbsp;<\/p>","protected":false},"excerpt":{"rendered":"<p>Bucharest Tech Week este un eveniment anual care transform\u0103 Bucure\u0219tiul \u00een capitala interna\u021bional\u0103 a tehnologiei.&nbsp; \u00cen cadrul festivalului, profesioni\u0219ti din domeniu prezint\u0103 solu\u021bii inovatoare \u0219i au discu\u021bii ample despre adoptarea tehnologiei \u00een via\u021ba profesional\u0103 \u0219i personal\u0103.&nbsp; Anul acesta anun\u021b\u0103m cu bucurie prezen\u021ba lui Alin Chiriac, fondator Adfaber, la Bucharest Tech Week. Pe 21 mai, la [&hellip;]<\/p>","protected":false},"author":1,"featured_media":759,"comment_status":"closed","ping_status":"closed","sticky":false,"template":"","format":"standard","meta":{"_eb_attr":"","site-sidebar-layout":"default","site-content-layout":"","ast-site-content-layout":"default","site-content-style":"default","site-sidebar-style":"default","ast-global-header-display":"","ast-banner-title-visibility":"","ast-main-header-display":"","ast-hfb-above-header-display":"","ast-hfb-below-header-display":"","ast-hfb-mobile-header-display":"","site-post-title":"","ast-breadcrumbs-content":"","ast-featured-img":"","footer-sml-layout":"","ast-disable-related-posts":"","theme-transparent-header-meta":"","adv-header-id-meta":"","stick-header-meta":"","header-above-stick-meta":"","header-main-stick-meta":"","header-below-stick-meta":"","astra-migrate-meta-layouts":"default","ast-page-background-enabled":"default","ast-page-background-meta":{"desktop":{"background-color":"var(--ast-global-color-4)","background-image":"","background-repeat":"repeat","background-position":"center center","background-size":"auto","background-attachment":"scroll","background-type":"","background-media":"","overlay-type":"","overlay-color":"","overlay-opacity":"","overlay-gradient":""},"tablet":{"background-color":"","background-image":"","background-repeat":"repeat","background-position":"center center","background-size":"auto","background-attachment":"scroll","background-type":"","background-media":"","overlay-type":"","overlay-color":"","overlay-opacity":"","overlay-gradient":""},"mobile":{"background-color":"","background-image":"","background-repeat":"repeat","background-position":"center center","background-size":"auto","background-attachment":"scroll","background-type":"","background-media":"","overlay-type":"","overlay-color":"","overlay-opacity":"","overlay-gradient":""}},"ast-content-background-meta":{"desktop":{"background-color":"var(--ast-global-color-5)","background-image":"","background-repeat":"repeat","background-position":"center center","background-size":"auto","background-attachment":"scroll","background-type":"","background-media":"","overlay-type":"","overlay-color":"","overlay-opacity":"","overlay-gradient":""},"tablet":{"background-color":"var(--ast-global-color-5)","background-image":"","background-repeat":"repeat","background-position":"center center","background-size":"auto","background-attachment":"scroll","background-type":"","background-media":"","overlay-type":"","overlay-color":"","overlay-opacity":"","overlay-gradient":""},"mobile":{"background-color":"var(--ast-global-color-5)","background-image":"","background-repeat":"repeat","background-position":"center center","background-size":"auto","background-attachment":"scroll","background-type":"","background-media":"","overlay-type":"","overlay-color":"","overlay-opacity":"","overlay-gradient":""}},"footnotes":""},"categories":[14,8,12],"tags":[],"class_list":["post-758","post","type-post","status-publish","format-standard","has-post-thumbnail","hentry","category-articole","category-eroii-internetului","category-lumea-tehnologiei"],"_links":{"self":[{"href":"https:\/\/adfaber.org\/en\/wp-json\/wp\/v2\/posts\/758","targetHints":{"allow":["GET"]}}],"collection":[{"href":"https:\/\/adfaber.org\/en\/wp-json\/wp\/v2\/posts"}],"about":[{"href":"https:\/\/adfaber.org\/en\/wp-json\/wp\/v2\/types\/post"}],"author":[{"embeddable":true,"href":"https:\/\/adfaber.org\/en\/wp-json\/wp\/v2\/users\/1"}],"replies":[{"embeddable":true,"href":"https:\/\/adfaber.org\/en\/wp-json\/wp\/v2\/comments?post=758"}],"version-history":[{"count":0,"href":"https:\/\/adfaber.org\/en\/wp-json\/wp\/v2\/posts\/758\/revisions"}],"wp:featuredmedia":[{"embeddable":true,"href":"https:\/\/adfaber.org\/en\/wp-json\/wp\/v2\/media\/759"}],"wp:attachment":[{"href":"https:\/\/adfaber.org\/en\/wp-json\/wp\/v2\/media?parent=758"}],"wp:term":[{"taxonomy":"category","embeddable":true,"href":"https:\/\/adfaber.org\/en\/wp-json\/wp\/v2\/categories?post=758"},{"taxonomy":"post_tag","embeddable":true,"href":"https:\/\/adfaber.org\/en\/wp-json\/wp\/v2\/tags?post=758"}],"curies":[{"name":"wp","href":"https:\/\/api.w.org\/{rel}","templated":true}]}}